{"id":1378,"date":"2023-06-05T12:51:54","date_gmt":"2023-06-05T10:51:54","guid":{"rendered":"https:\/\/www.tamnaren.se\/?p=1378"},"modified":"2023-06-09T09:35:20","modified_gmt":"2023-06-09T07:35:20","slug":"tamnarens-vattens-verksamhetsberattelse-for-ar-2022","status":"publish","type":"post","link":"https:\/\/www.tamnaren.se\/?p=1378","title":{"rendered":"T\u00e4mnarens Vattens Verksamhetsber\u00e4ttelse f\u00f6r \u00e5r 2022"},"content":{"rendered":"\n<p>M\u00e5nga m\u00e4nniskor runt T\u00e4mnaren \u00e4r intresserade av sj\u00f6n, att det \u00e4r h\u00f6g vattenniv\u00e5, att det g\u00e5r att komma ut p\u00e5 sj\u00f6n i b\u00e5t f\u00f6r fiske och f\u00e5gelsk\u00e5dning, att vintertid \u00e5ka skridskor och bil p\u00e5 isen samt pimpla. M\u00e5nga \u00e5sikter finns men f\u00e5 vill engagera sig i arbete. Vi \u00e4r tacksamma f\u00f6r de som engagerar sig och samarbetet med kommunerna Heby, Tierp och Uppsala. F\u00f6reningen T\u00e4mnarens Vatten vill verka f\u00f6r sj\u00f6ns fortlevnad. M\u00e5let \u00e4r att bevara T\u00e4mnaren f\u00f6r kommande generationer som en frisk och attraktiv sj\u00f6. F\u00f6r det beh\u00f6vs en restaurering av sj\u00f6n T\u00e4mnaren och hela T\u00e4mnar\u00e5ns avrinningsomr\u00e5de med v\u00e5tmarker, att omr\u00e5det blir mer vattenrikt. Om Uppsala, Tierp och Heby v\u00e4xer med behov av vatten, om grundvattenniv\u00e5n sjunker, om klimatet forts\u00e4tter f\u00f6r\u00e4ndras, kan det i framtiden beh\u00f6vas \u00e5tg\u00e4rder f\u00f6r en restaurering av omr\u00e5det.<\/p>\n\n\n\n<p>T\u00e4mnarens Vatten har under \u00e5ret inlett samarbete med mark\u00e4gare runt sj\u00f6n och l\u00e4ngs vattendragen till och fr\u00e5n sj\u00f6n f\u00f6r att genomf\u00f6ra \u00e5tg\u00e4rder, som har f\u00f6reslagits i Landskapsanalysen. LOVA-ans\u00f6kan enligt landskapsanalysen \u00e4r inl\u00e4mnad till L\u00e4nsstyrelsen via Heby kommun om F\u00f6rprojektering av \u00e5tg\u00e4rder. Samtal har inletts med mark\u00e4gare i Huddunge om hur man kan arbeta uppstr\u00f6ms via Harbo\u00e5n, t.ex att g\u00f6ra Hallsj\u00f6n till en v\u00e5tmark. Samtal har inletts med Greppa n\u00e4ringen (L\u00e4nsstyrelsen) med syfte f\u00e5 mark\u00e4gare intresserade att f\u00f6r\u00e4ndra jordbruksmetoder, dikningsmetoder samt anl\u00e4gga v\u00e5tmarker f\u00f6r att minska n\u00e4ringsl\u00e4ckage till T\u00e4mnaren. Framf\u00f6r allt beh\u00f6ver vi f\u00e5 samarbete med de lokala LRF-f\u00f6reningarna. Mycket \u00e4r p\u00e5 g\u00e5ng och i styrelsen finns engagemang, kunskaper, intresse och kontakter.&nbsp;<\/p>\n\n\n\n<p>Styrelsen har \u00e5ter initierat samarbete med SLU, Institutionen f\u00f6r stad och land\/avd. f\u00f6r landsbygdsutveckling. Tidigare har det funnits ett gott och stort samarbete som ocks\u00e5 var ekonomiskt gott f\u00f6r T\u00e4mnarens Vatten. Internationella studenter kommer till T\u00e4mnaren f\u00f6r exkursioner och f\u00f6rel\u00e4sningar, samt projekt genomf\u00f6rs d\u00e4r arbetet med T\u00e4mnaren s\u00e4tts i internationell kontext.<\/p>\n\n\n\n<p>L\u00e4nsstyrelsens uppfr\u00e4schning av G\u00e5sholmen vid Aspn\u00e4s presenterades och invigdes under h\u00f6sten, varvid styrelsen deltog. Det \u00e4r den b\u00e4sta platsen att komma fram till T\u00e4mnarens vattenspegel och se f\u00e5glar. Yttrande har l\u00e4mnats \u00f6ver f\u00f6rslaget Aspn\u00e4s solcellspark i K\u00e4llvik.&nbsp;<\/p>\n\n\n\n<p>Styrelsen har under \u00e5ret best\u00e5tt av Kiell Tofters (\u00d6sterv\u00e5la), Per M\u00f6ller (T\u00e4rnsj\u00f6), Ola&nbsp;<\/p>\n\n\n\n<p>Nordstr\u00f6m (Uppsala), Kersti Borgestig-Nilsson (\u00d6sterv\u00e5la), Stella Andermo (Tierp),&nbsp;<\/p>\n\n\n\n<p>Lars Persson (\u00d6sterv\u00e5la) och Pontus Elvingsson (Harbo). Dessa \u00e4r valda av f\u00f6reningen.<\/p>\n\n\n\n<p>I styrelsearbetet har ocks\u00e5 deltagit av kommunerna valda: Jenny Lundstr\u00f6m (Tierp), Stefan Edelsv\u00e4rd (Uppsala), Torbj\u00f6rn Ivarsson (Heby). D\u00e4rtill har kommunernas vattensamordnare Zahrah Lifvendahl (Uppsala), Erica Hasslar (Tierp) och Lina Salmonsson (Heby) deltagit. Styrelsen har under \u00e5ret i plenum tr\u00e4ffats fyra g\u00e5nger. Mycket av arbetet sker dock utanf\u00f6r styrelserummet.<\/p>\n\n\n\n<p>V\u00e4lkommen till \u00c5rsm\u00f6te l\u00f6rdag 15 april 2023 kl. 13:00 Birgittag\u00e5rden Harbo<\/p>\n\n\n\n<ul class=\"wp-block-list\">\n<li>Uppsala Vatten redovisar hur de i framtiden kan ta dricksvatten fr\u00e5n T\u00e4mnaren.<\/li>\n<\/ul>\n\n\n\n<p><em>Styrelsen f\u00f6r F\u00f6reningen T\u00e4mnarens Vatten<\/em><\/p>\n","protected":false},"excerpt":{"rendered":"<p>M\u00e5nga m\u00e4nniskor runt T\u00e4mnaren \u00e4r intresserade av sj\u00f6n, att det \u00e4r h\u00f6g vattenniv\u00e5, att det g\u00e5r att komma ut p\u00e5 sj\u00f6n i b\u00e5t f\u00f6r fiske och f\u00e5gelsk\u00e5dning, att vintertid \u00e5ka skridskor och bil p\u00e5 isen samt pimpla. M\u00e5nga \u00e5sikter finns men f\u00e5 vill engagera sig i arbete. Vi \u00e4r tacksamma f\u00f6r de som engagerar sig&hellip;&nbsp;<a href=\"https:\/\/www.tamnaren.se\/?p=1378\" rel=\"bookmark\"><span class=\"screen-reader-text\">T\u00e4mnarens Vattens Verksamhetsber\u00e4ttelse f\u00f6r \u00e5r 2022<\/span><\/a><\/p>\n","protected":false},"author":1,"featured_media":0,"comment_status":"closed","ping_status":"closed","sticky":false,"template":"","format":"standard","meta":{"neve_meta_sidebar":"","neve_meta_container":"","neve_meta_enable_content_width":"","neve_meta_content_width":0,"neve_meta_title_alignment":"","neve_meta_author_avatar":"","neve_post_elements_order":"","neve_meta_disable_header":"","neve_meta_disable_footer":"","neve_meta_disable_title":"","footnotes":""},"categories":[6],"tags":[],"class_list":["post-1378","post","type-post","status-publish","format-standard","hentry","category-senaste-nytt"],"_links":{"self":[{"href":"https:\/\/www.tamnaren.se\/index.php?rest_route=\/wp\/v2\/posts\/1378","targetHints":{"allow":["GET"]}}],"collection":[{"href":"https:\/\/www.tamnaren.se\/index.php?rest_route=\/wp\/v2\/posts"}],"about":[{"href":"https:\/\/www.tamnaren.se\/index.php?rest_route=\/wp\/v2\/types\/post"}],"author":[{"embeddable":true,"href":"https:\/\/www.tamnaren.se\/index.php?rest_route=\/wp\/v2\/users\/1"}],"replies":[{"embeddable":true,"href":"https:\/\/www.tamnaren.se\/index.php?rest_route=%2Fwp%2Fv2%2Fcomments&post=1378"}],"version-history":[{"count":4,"href":"https:\/\/www.tamnaren.se\/index.php?rest_route=\/wp\/v2\/posts\/1378\/revisions"}],"predecessor-version":[{"id":1407,"href":"https:\/\/www.tamnaren.se\/index.php?rest_route=\/wp\/v2\/posts\/1378\/revisions\/1407"}],"wp:attachment":[{"href":"https:\/\/www.tamnaren.se\/index.php?rest_route=%2Fwp%2Fv2%2Fmedia&parent=1378"}],"wp:term":[{"taxonomy":"category","embeddable":true,"href":"https:\/\/www.tamnaren.se\/index.php?rest_route=%2Fwp%2Fv2%2Fcategories&post=1378"},{"taxonomy":"post_tag","embeddable":true,"href":"https:\/\/www.tamnaren.se\/index.php?rest_route=%2Fwp%2Fv2%2Ftags&post=1378"}],"curies":[{"name":"wp","href":"https:\/\/api.w.org\/{rel}","templated":true}]}}